{"id":2628,"date":"2026-06-27T15:33:03","date_gmt":"2026-06-27T13:33:03","guid":{"rendered":"https:\/\/qt-warken.indermache.de\/vermoegensarchitektur\/"},"modified":"2026-08-26T16:54:21","modified_gmt":"2026-08-26T14:54:21","slug":"vermoegensarchitektur","status":"publish","type":"post","link":"https:\/\/www.heribert-warken.de\/en\/vermoegensarchitektur\/","title":{"rendered":"Verm\u00f6gensarchitektur"},"content":{"rendered":"<div  id=\"wirtschaftspruefung\"  class='flex_column av-k386t-806a3d0f0b477e82d7ba360ad014021a av_one_fifth  avia-builder-el-0  el_before_av_three_fifth  avia-builder-el-first  first flex_column_div  '     ><\/div>\n<div  class='flex_column av-g3u5h-597842cb47dd2039622b13c28f3e76df av_three_fifth  avia-builder-el-1  el_after_av_one_fifth  el_before_av_one_fifth  flex_column_div  '     ><style type=\"text\/css\" data-created_by=\"avia_inline_auto\" id=\"style-css-av-lldtyk35-e954df4e9d1d67ae3ce17af7a1128c88\">\n#top .av_textblock_section.av-lldtyk35-e954df4e9d1d67ae3ce17af7a1128c88 .avia_textblock{\nfont-size:30px;\ncolor:#a69f88;\n}\n<\/style>\n<section  class='av_textblock_section av-lldtyk35-e954df4e9d1d67ae3ce17af7a1128c88 '   itemscope=\"itemscope\" itemtype=\"https:\/\/schema.org\/BlogPosting\" itemprop=\"blogPost\" ><div class='avia_textblock av_inherit_color'  itemprop=\"text\" ><h4><strong>Verm\u00f6gensarchitektur und Unternehmensnachfolge geh\u00f6ren untrennbar zusammen.<\/strong><\/h4>\n<\/div><\/section><br \/>\n<section  class='av_textblock_section av-llduk87y-e95111932d1cba28cd091cd89949f03d '   itemscope=\"itemscope\" itemtype=\"https:\/\/schema.org\/BlogPosting\" itemprop=\"blogPost\" ><div class='avia_textblock'  itemprop=\"text\" ><p>Viele Unternehmer investieren Jahrzehnte in den Aufbau ihres Unternehmens, entwickeln jedoch keine strukturierte Verm\u00f6gensarchitektur, um das Verm\u00f6gen auch im Rahmen der Nachfolge einfacher \u00fcbertragen zu k\u00f6nnen.<\/p>\n<\/div><\/section><br \/>\n\n<style type=\"text\/css\" data-created_by=\"avia_inline_auto\" id=\"style-css-av-95ri5h-174b6c84309223490e499ef56d321724\">\n#top .av_textblock_section.av-95ri5h-174b6c84309223490e499ef56d321724 .avia_textblock{\ncolor:#7c2529;\n}\n<\/style>\n<section  class='av_textblock_section av-95ri5h-174b6c84309223490e499ef56d321724 '   itemscope=\"itemscope\" itemtype=\"https:\/\/schema.org\/BlogPosting\" itemprop=\"blogPost\" ><div class='avia_textblock av_inherit_color'  itemprop=\"text\" ><p>von Dr. Heribert Warken<\/p>\n<\/div><\/section><br \/>\n\n<style type=\"text\/css\" data-created_by=\"avia_inline_auto\" id=\"style-css-av-ag8od-03adcf9ad607a27c939211fec5736ca2\">\n#top .hr.hr-invisible.av-ag8od-03adcf9ad607a27c939211fec5736ca2{\nheight:20px;\n}\n<\/style>\n<div  class='hr av-ag8od-03adcf9ad607a27c939211fec5736ca2 hr-invisible  avia-builder-el-5  el_after_av_textblock  el_before_av_image '><span class='hr-inner '><span class=\"hr-inner-style\"><\/span><\/span><\/div><br \/>\n\n<style type=\"text\/css\" data-created_by=\"avia_inline_auto\" id=\"style-css-av-lldw1dd8-b381cb66ec5107f1c8882d6c9e2d7634\">\n.avia-image-container.av-lldw1dd8-b381cb66ec5107f1c8882d6c9e2d7634 img.avia_image{\nbox-shadow:none;\n}\n.avia-image-container.av-lldw1dd8-b381cb66ec5107f1c8882d6c9e2d7634 .av-image-caption-overlay-center{\ncolor:#ffffff;\n}\n<\/style>\n<div  class='avia-image-container av-lldw1dd8-b381cb66ec5107f1c8882d6c9e2d7634 av-styling- avia-align-center  avia-builder-el-6  el_after_av_hr  el_before_av_hr '   itemprop=\"image\" itemscope=\"itemscope\" itemtype=\"https:\/\/schema.org\/ImageObject\" ><div class=\"avia-image-container-inner\"><div class=\"avia-image-overlay-wrap\"><img decoding=\"async\" class='wp-image-2621 avia-img-lazy-loading-not-2621 avia_image ' src=\"https:\/\/www.heribert-warken.de\/wp-content\/uploads\/2026\/06\/Vermoegensarchitektur.png\" alt='' title='Vermo\u0308gensarchitektur'  height=\"1024\" width=\"1536\"  itemprop=\"thumbnailUrl\" srcset=\"https:\/\/www.heribert-warken.de\/wp-content\/uploads\/2026\/06\/Vermoegensarchitektur.png 1536w, https:\/\/www.heribert-warken.de\/wp-content\/uploads\/2026\/06\/Vermoegensarchitektur-300x200.png 300w, https:\/\/www.heribert-warken.de\/wp-content\/uploads\/2026\/06\/Vermoegensarchitektur-1030x687.png 1030w, https:\/\/www.heribert-warken.de\/wp-content\/uploads\/2026\/06\/Vermoegensarchitektur-768x512.png 768w, https:\/\/www.heribert-warken.de\/wp-content\/uploads\/2026\/06\/Vermoegensarchitektur-1500x1000.png 1500w, https:\/\/www.heribert-warken.de\/wp-content\/uploads\/2026\/06\/Vermoegensarchitektur-705x470.png 705w\" sizes=\"(max-width: 1536px) 100vw, 1536px\" \/><\/div><\/div><\/div><br \/>\n\n<style type=\"text\/css\" data-created_by=\"avia_inline_auto\" id=\"style-css-av-lldw7hmz-312d4c7f290efbe3908857b26f420e38\">\n#top .hr.hr-invisible.av-lldw7hmz-312d4c7f290efbe3908857b26f420e38{\nheight:50px;\n}\n<\/style>\n<div  class='hr av-lldw7hmz-312d4c7f290efbe3908857b26f420e38 hr-invisible  avia-builder-el-7  el_after_av_image  el_before_av_heading '><span class='hr-inner '><span class=\"hr-inner-style\"><\/span><\/span><\/div><br \/>\n\n<style type=\"text\/css\" data-created_by=\"avia_inline_auto\" id=\"style-css-av-lostfer5-1439aa81eac499660e46da099c336bfb\">\n#top .av-special-heading.av-lostfer5-1439aa81eac499660e46da099c336bfb{\npadding-bottom:10px;\n}\nbody .av-special-heading.av-lostfer5-1439aa81eac499660e46da099c336bfb .av-special-heading-tag .heading-char{\nfont-size:25px;\n}\n.av-special-heading.av-lostfer5-1439aa81eac499660e46da099c336bfb .av-subheading{\nfont-size:15px;\n}\n<\/style>\n<div  class='av-special-heading av-lostfer5-1439aa81eac499660e46da099c336bfb av-special-heading-h3 blockquote modern-quote  avia-builder-el-8  el_after_av_hr  el_before_av_textblock '><h3 class='av-special-heading-tag'  itemprop=\"headline\"  >Einleitung<\/h3><div class=\"special-heading-border\"><div class=\"special-heading-inner-border\"><\/div><\/div><\/div><br \/>\n<section  class='av_textblock_section av-losteen0-80b53ba74dc53e24c41dc46716a79300 '   itemscope=\"itemscope\" itemtype=\"https:\/\/schema.org\/BlogPosting\" itemprop=\"blogPost\" ><div class='avia_textblock'  itemprop=\"text\" ><p><strong>Verm\u00f6gensarchitektur f\u00fcr Unternehmer beginnt lange vor der Unternehmensnachfolge<\/strong><\/p>\n<p>Viele Unternehmer investieren Jahrzehnte in den Aufbau ihres Unternehmens, entwickeln jedoch parallel keine strukturierte Verm\u00f6gensarchitektur, um ihr Verm\u00f6gen langfristig zu sichern und nachfolgegerecht zu gestalten.<\/p>\n<p>In den vergangenen Jahren habe ich im Rahmen der Begleitung zahlreicher Unternehmensnachfolgen immer wieder ein \u00e4hnliches Muster beobachtet:<\/p>\n<p><em>Nicht das Unternehmen war das eigentliche Problem \u2013 sondern die Struktur des aufgebauten Verm\u00f6gens.<\/em><\/p>\n<p>Viele erfolgreiche Unternehmer konzentrieren sich \u00fcber Jahrzehnte auf den Aufbau ihres operativen Unternehmens. Mit gro\u00dfem Engagement werden Werte geschaffen, Mitarbeiter aufgebaut und Gewinne erwirtschaftet. <\/p>\n<p>Diese Gewinne flie\u00dfen anschlie\u00dfend h\u00e4ufig in eine Holdinggesellschaft oder in das Privatverm\u00f6gen.<\/p>\n<p>Ab diesem Zeitpunkt ver\u00e4ndert sich jedoch die Aufgabenstellung.<\/p>\n<p>Denn neben dem operativen Unternehmen entsteht nun ein zweites System: das Verm\u00f6gen.<\/p>\n<p>In der Praxis wird dieses Verm\u00f6gen jedoch h\u00e4ufig nicht nach einer langfristigen Strategie aufgebaut. Einzelne Investments entstehen aufgrund von Empfehlungen aus dem pers\u00f6nlichen Umfeld, Gespr\u00e4chen mit Freunden oder Gesch\u00e4ftspartnern oder weil sich gerade eine interessante Gelegenheit ergibt. <\/p>\n<p>Jede einzelne Entscheidung mag f\u00fcr sich betrachtet sinnvoll sein.<\/p>\n<p>In ihrer Gesamtheit entsteht jedoch h\u00e4ufig keine Verm\u00f6gensarchitektur, sondern eine Ansammlung unterschiedlicher Verm\u00f6genswerte ohne klar definierte Aufgaben innerhalb eines Gesamtsystems.<\/p>\n<p>Gerade im Rahmen einer Unternehmensnachfolge zeigt sich dann, welche Folgen eine fehlende Struktur haben kann. Was \u00fcber viele Jahre organisch gewachsen ist, muss im Nachfolgeprozess h\u00e4ufig zun\u00e4chst neu geordnet, steuerlich strukturiert und strategisch aufeinander abgestimmt werden. <\/p>\n<p>Aus meiner Sicht sollte Verm\u00f6gensarchitektur deshalb nicht erst mit der Nachfolge beginnen.<\/p>\n<p>Sie sollte parallel zum Verm\u00f6gensaufbau entstehen.<\/p>\n<p>Denn langfristig geht es nicht nur darum, Verm\u00f6gen zu schaffen, sondern es so zu strukturieren, dass es auch \u00fcber Generationen hinweg handlungsf\u00e4hig, transparent und belastbar bleibt.<\/p>\n<\/div><\/section><br \/>\n\n<style type=\"text\/css\" data-created_by=\"avia_inline_auto\" id=\"style-css-av-lostimxq-d13c139ca36fec96f4e22f7da4adc074\">\n#top .av-special-heading.av-lostimxq-d13c139ca36fec96f4e22f7da4adc074{\npadding-bottom:10px;\n}\nbody .av-special-heading.av-lostimxq-d13c139ca36fec96f4e22f7da4adc074 .av-special-heading-tag .heading-char{\nfont-size:25px;\n}\n.av-special-heading.av-lostimxq-d13c139ca36fec96f4e22f7da4adc074 .av-subheading{\nfont-size:15px;\n}\n<\/style>\n<div  class='av-special-heading av-lostimxq-d13c139ca36fec96f4e22f7da4adc074 av-special-heading-h3 blockquote modern-quote  avia-builder-el-10  el_after_av_textblock  el_before_av_textblock '><h3 class='av-special-heading-tag'  itemprop=\"headline\"  >Verm\u00f6gensarchitektur ist ein System<\/h3><div class=\"special-heading-border\"><div class=\"special-heading-inner-border\"><\/div><\/div><\/div><br \/>\n<section  class='av_textblock_section av-lostj7ak-4c4b4654f5adbbf690e916bead58738d '   itemscope=\"itemscope\" itemtype=\"https:\/\/schema.org\/BlogPosting\" itemprop=\"blogPost\" ><div class='avia_textblock'  itemprop=\"text\" ><p>Ein erfolgreiches Unternehmen besteht aus zahlreichen Funktionen, die ineinandergreifen. Produktion, Vertrieb, Finanzierung und Controlling erf\u00fcllen jeweils unterschiedliche Aufgaben. <\/p>\n<p>F\u00fcr privates und unternehmerisches Verm\u00f6gen gilt derselbe Grundsatz.<\/p>\n<p>Jede Verm\u00f6gensklasse \u00fcbernimmt innerhalb des Gesamtsystems eine eigene Funktion.<\/p>\n<p>Erst das Zusammenspiel dieser Funktionen schafft Stabilit\u00e4t, Flexibilit\u00e4t und langfristige Handlungsf\u00e4higkeit.<\/p>\n<\/div><\/section><br \/>\n\n<style type=\"text\/css\" data-created_by=\"avia_inline_auto\" id=\"style-css-av-lostzlee-87e4ca233793546e623934adb221f325\">\n#top .av-special-heading.av-lostzlee-87e4ca233793546e623934adb221f325{\npadding-bottom:10px;\n}\nbody .av-special-heading.av-lostzlee-87e4ca233793546e623934adb221f325 .av-special-heading-tag .heading-char{\nfont-size:25px;\n}\n.av-special-heading.av-lostzlee-87e4ca233793546e623934adb221f325 .av-subheading{\nfont-size:15px;\n}\n<\/style>\n<div  class='av-special-heading av-lostzlee-87e4ca233793546e623934adb221f325 av-special-heading-h3 blockquote modern-quote  avia-builder-el-12  el_after_av_textblock  el_before_av_textblock '><h3 class='av-special-heading-tag'  itemprop=\"headline\"  >Die Aufgaben einzelner Verm\u00f6gensklassen<\/h3><div class=\"special-heading-border\"><div class=\"special-heading-inner-border\"><\/div><\/div><\/div><br \/>\n<section  class='av_textblock_section av-losu09cx-fd8cf427627e47cbf4af28ceda4ead16 '   itemscope=\"itemscope\" itemtype=\"https:\/\/schema.org\/BlogPosting\" itemprop=\"blogPost\" ><div class='avia_textblock'  itemprop=\"text\" ><p>Eine Verm\u00f6gensarchitektur kann beispielsweise folgende Bausteine umfassen:<\/p>\n<p><strong>Unternehmen<\/strong><\/p>\n<p>Sie schaffen Wertsch\u00f6pfung und bilden h\u00e4ufig den Ursprung des Verm\u00f6gens.<\/p>\n<p><strong>Immobilien<\/strong><\/p>\n<p>Sie sorgen f\u00fcr Stabilit\u00e4t, laufende Cashflows und Inflationsschutz.<\/p>\n<p><strong>Beteiligungen und Wertpapiere<\/strong><\/p>\n<p>Sie erm\u00f6glichen langfristiges Wachstum und internationale Diversifikation.<\/p>\n<p><strong>Edelmetalle<\/strong><\/p>\n<p>Sie dienen dem Schutz des Verm\u00f6gens in wirtschaftlich unsicheren Zeiten.<\/p>\n<p><strong>Liquidit\u00e4t<\/strong><\/p>\n<p>Sie schafft Handlungsf\u00e4higkeit. Chancen k\u00f6nnen nur genutzt werden, wenn ausreichend Liquidit\u00e4t vorhanden ist. <\/p>\n<p><strong>Internationale Strukturen<\/strong><\/p>\n<p>Sie reduzieren Konzentrationsrisiken und er\u00f6ffnen zus\u00e4tzliche wirtschaftliche M\u00f6glichkeiten.<\/p>\n<p>Keine dieser Verm\u00f6gensklassen ist f\u00fcr sich allein die &#8220;beste&#8221; Anlageform. Ihre Bedeutung ergibt sich ausschlie\u00dflich aus ihrer Funktion innerhalb des Gesamtsystems.<\/p>\n<\/div><\/section><br \/>\n\n<style type=\"text\/css\" data-created_by=\"avia_inline_auto\" id=\"style-css-av-mqwbbs2h-8ec131002118ce78fb4cdd81aea4e4fc\">\n#top .av-special-heading.av-mqwbbs2h-8ec131002118ce78fb4cdd81aea4e4fc{\npadding-bottom:10px;\n}\nbody .av-special-heading.av-mqwbbs2h-8ec131002118ce78fb4cdd81aea4e4fc .av-special-heading-tag .heading-char{\nfont-size:25px;\n}\n.av-special-heading.av-mqwbbs2h-8ec131002118ce78fb4cdd81aea4e4fc .av-subheading{\nfont-size:15px;\n}\n<\/style>\n<div  class='av-special-heading av-mqwbbs2h-8ec131002118ce78fb4cdd81aea4e4fc av-special-heading-h3 blockquote modern-quote  avia-builder-el-14  el_after_av_textblock  el_before_av_textblock '><h3 class='av-special-heading-tag'  itemprop=\"headline\"  >Die eigentliche Fragestellung<\/h3><div class=\"special-heading-border\"><div class=\"special-heading-inner-border\"><\/div><\/div><\/div><br \/>\n<section  class='av_textblock_section av-losu2rgh-da479f2f3a7dabffc18579851f545ad4 '   itemscope=\"itemscope\" itemtype=\"https:\/\/schema.org\/BlogPosting\" itemprop=\"blogPost\" ><div class='avia_textblock'  itemprop=\"text\" ><p>Aus meiner Sicht lautet die entscheidende Frage nicht:<\/p>\n<p><strong>&#8220;Welche Anlageklasse ist die beste?&#8221;<\/strong><\/p>\n<p>Sondern:<\/p>\n<p><strong>&#8220;Welche Aufgabe erf\u00fcllt diese Verm\u00f6gensklasse innerhalb meiner gesamten Verm\u00f6gensarchitektur?&#8221;<\/strong><\/p>\n<p>Diese Perspektive ver\u00e4ndert h\u00e4ufig den gesamten Blick auf Verm\u00f6gensentscheidungen.<\/p>\n<\/div><\/section><br \/>\n\n<style type=\"text\/css\" data-created_by=\"avia_inline_auto\" id=\"style-css-av-mqwbeacs-34294765a96884761de819d13532d049\">\n#top .av-special-heading.av-mqwbeacs-34294765a96884761de819d13532d049{\npadding-bottom:10px;\n}\nbody .av-special-heading.av-mqwbeacs-34294765a96884761de819d13532d049 .av-special-heading-tag .heading-char{\nfont-size:25px;\n}\n.av-special-heading.av-mqwbeacs-34294765a96884761de819d13532d049 .av-subheading{\nfont-size:15px;\n}\n<\/style>\n<div  class='av-special-heading av-mqwbeacs-34294765a96884761de819d13532d049 av-special-heading-h3 blockquote modern-quote  avia-builder-el-16  el_after_av_textblock  el_before_av_textblock '><h3 class='av-special-heading-tag'  itemprop=\"headline\"  >Typische Schwachstellen<\/h3><div class=\"special-heading-border\"><div class=\"special-heading-inner-border\"><\/div><\/div><\/div><br \/>\n<section  class='av_textblock_section av-mqwbgkqc-4e5495491d38d19240aeed01a1f29bb7 '   itemscope=\"itemscope\" itemtype=\"https:\/\/schema.org\/BlogPosting\" itemprop=\"blogPost\" ><div class='avia_textblock'  itemprop=\"text\" ><p>In der Praxis begegnen mir regelm\u00e4\u00dfig \u00e4hnliche <strong>Strukturprobleme<\/strong>:<\/p>\n<ul>\n<li>hohe Verm\u00f6genskonzentration in einer Anlageklasse,<\/li>\n<li>fehlende Liquidit\u00e4tsreserven,<\/li>\n<li>unzureichende Nachfolgeplanung,<\/li>\n<li>steuerlich nicht optimierte Strukturen,<\/li>\n<li>fehlende internationale Diversifikation,<\/li>\n<li>fehlende Abstimmung zwischen Privat- und Unternehmensverm\u00f6gen.<\/li>\n<\/ul>\n<p>Diese Risiken entstehen selten durch einzelne Investments. Sie entstehen durch <strong>fehlende Architektur<\/strong>.<\/p>\n<\/div><\/section><br \/>\n\n<style type=\"text\/css\" data-created_by=\"avia_inline_auto\" id=\"style-css-av-mqwbhcxo-3c4d2582711b07c6d0e0208e65592cfa\">\n#top .av-special-heading.av-mqwbhcxo-3c4d2582711b07c6d0e0208e65592cfa{\npadding-bottom:10px;\n}\nbody .av-special-heading.av-mqwbhcxo-3c4d2582711b07c6d0e0208e65592cfa .av-special-heading-tag .heading-char{\nfont-size:25px;\n}\n.av-special-heading.av-mqwbhcxo-3c4d2582711b07c6d0e0208e65592cfa .av-subheading{\nfont-size:15px;\n}\n<\/style>\n<div  class='av-special-heading av-mqwbhcxo-3c4d2582711b07c6d0e0208e65592cfa av-special-heading-h3 blockquote modern-quote  avia-builder-el-18  el_after_av_textblock  el_before_av_textblock '><h3 class='av-special-heading-tag'  itemprop=\"headline\"  >Verm\u00f6gensarchitektur ist langfristiges Denken<\/h3><div class=\"special-heading-border\"><div class=\"special-heading-inner-border\"><\/div><\/div><\/div><br \/>\n<section  class='av_textblock_section av-mqwbokiw-326523c92d62c3e82e913d0557aee95e '   itemscope=\"itemscope\" itemtype=\"https:\/\/schema.org\/BlogPosting\" itemprop=\"blogPost\" ><div class='avia_textblock'  itemprop=\"text\" ><p>Verm\u00f6gen entwickelt sich nicht durch kurzfristige Marktbewegungen. Es entwickelt sich durch <strong>konsequente Strukturarbeit \u00fcber viele Jahre<\/strong>. <\/p>\n<p>Deshalb verstehe ich Verm\u00f6gensarchitektur als einen fortlaufenden Prozess.<\/p>\n<p>Die <strong>Aufgabe<\/strong> besteht darin, Verm\u00f6genswerte so zu strukturieren, dass sie<\/p>\n<ul>\n<li>Ertr\u00e4ge erwirtschaften,<\/li>\n<li>Risiken begrenzen,<\/li>\n<li>Liquidit\u00e4t sichern,<\/li>\n<li>Generationen verbinden und<\/li>\n<li>langfristig Stabilit\u00e4t schaffen.<\/li>\n<\/ul>\n<p>Gerade in den jetzigen bewegten Transformationszeiten ist es wichtig resiliente Verm\u00f6gensstrukturen aufzubauen. Hier sind die mittelst\u00e4ndischen Unternehmen, anders als noch vor wenigen Jahren nunmehr gezwungen, sich auch internationaler aufzustellen und auch ausserhalb des Heimatlandes sich Einkunftsquellen zu erschlie\u00dfen. <\/p>\n<p>Diese <strong>Strukturen k\u00f6nnen jedoch nicht von jetzt auf gleich aufgebaut werden,<\/strong> sondern m\u00fcssen vorbereitet sein. Daher ist es notwendig, dass man diese Strukturen jetzt aufbaut.<\/p>\n<\/div><\/section><br \/>\n\n<style type=\"text\/css\" data-created_by=\"avia_inline_auto\" id=\"style-css-av-mqwbp8df-57f0feacb75295a9a28c30a2cb2d518c\">\n#top .av-special-heading.av-mqwbp8df-57f0feacb75295a9a28c30a2cb2d518c{\npadding-bottom:10px;\n}\nbody .av-special-heading.av-mqwbp8df-57f0feacb75295a9a28c30a2cb2d518c .av-special-heading-tag .heading-char{\nfont-size:25px;\n}\n.av-special-heading.av-mqwbp8df-57f0feacb75295a9a28c30a2cb2d518c .av-subheading{\nfont-size:15px;\n}\n<\/style>\n<div  class='av-special-heading av-mqwbp8df-57f0feacb75295a9a28c30a2cb2d518c av-special-heading-h3 blockquote modern-quote  avia-builder-el-20  el_after_av_textblock  el_before_av_textblock '><h3 class='av-special-heading-tag'  itemprop=\"headline\"  >Fazit<\/h3><div class=\"special-heading-border\"><div class=\"special-heading-inner-border\"><\/div><\/div><\/div><br \/>\n<section  class='av_textblock_section av-mqwbskhr-6fe144f7772afa2491918eb45ea3e164 '   itemscope=\"itemscope\" itemtype=\"https:\/\/schema.org\/BlogPosting\" itemprop=\"blogPost\" ><div class='avia_textblock'  itemprop=\"text\" ><p>Langfristig erfolgreiche Unternehmer investieren nicht nur Kapital.<\/p>\n<p><strong>Sie entwickeln Strukturen !<\/strong><\/p>\n<p>Eine durchdachte Verm\u00f6gensarchitektur verbindet unterschiedliche Verm\u00f6gensklassen zu einem belastbaren, re4silienten Gesamtsystem. Nicht einzelne Investments entscheiden \u00fcber nachhaltigen, generations\u00fcbergreifenden Verm\u00f6genserhalt. Entscheidend ist die Architektur, in die sie eingebettet sind.<\/p>\n<\/div><\/section><br \/>\n<section  class='av_textblock_section av-mqwbu05g-42a867224abc832c7be8350ae50d978f '   itemscope=\"itemscope\" itemtype=\"https:\/\/schema.org\/BlogPosting\" itemprop=\"blogPost\" ><div class='avia_textblock'  itemprop=\"text\" ><p><strong>\u00dcber den Autor<\/strong><\/p>\n<p>Dr. Heribert Warken ist Wirtschaftspr\u00fcfer, Steuerberater und Sachverst\u00e4ndiger f\u00fcr Unternehmensbewertung.<\/p>\n<p>Seine T\u00e4tigkeitsschwerpunkte liegen in der Unternehmensbewertung, Unternehmensnachfolge, Verm\u00f6gensarchitektur sowie der Strukturierung von Unternehmer- und Immobilienverm\u00f6gen im In- und Ausland.<\/p>\n<\/div><\/section><\/p><\/div><div  class='flex_column av-9va1p-b37cea4567b4ebd060ec79cea7a8ec15 av_one_fifth  avia-builder-el-23  el_after_av_three_fifth  avia-builder-el-last  flex_column_div  '     ><\/div><\/p>\n","protected":false},"excerpt":{"rendered":"<p>Verm\u00f6gensarchitektur beginnt lange vor der Unternehmensnachfolge<\/p>\n<p>In den vergangenen Jahren durfte ich zahlreiche Unternehmerfamilien im Rahmen von Unternehmensbewertungen, Unternehmensnachfolgen und der Strukturierung von Unternehmerverm\u00f6gen begleiten.<\/p>\n<p>Dabei ist mir immer wieder ein \u00e4hnliches Muster begegnet:<\/p>\n<p>Nicht das Unternehmen war die gr\u00f6\u00dfte Herausforderung \u2013 sondern die Struktur des aufgebauten Verm\u00f6gens.<\/p>\n<p>Viele erfolgreiche Unternehmer investieren \u00fcber Jahrzehnte ihre gesamte Energie in den Aufbau ihres Unternehmens. Es entstehen stabile Gesch\u00e4ftsmodelle, Arbeitspl\u00e4tze und nachhaltige Wertsch\u00f6pfung. Die erwirtschafteten Gewinne werden anschlie\u00dfend h\u00e4ufig in eine Holdinggesellschaft oder in das Privatverm\u00f6gen \u00fcbertragen.  <\/p>\n<p>Genau an diesem Punkt beginnt jedoch eine neue unternehmerische Aufgabe.<\/p>\n<p>Denn neben dem operativen Unternehmen entsteht ein zweites System:<\/p>\n<p>das Verm\u00f6gen.<\/p>\n<p>Unternehmerverm\u00f6gen ben\u00f6tigt eine eigene Strategie<\/p>\n<p>In der Praxis wird Verm\u00f6gen h\u00e4ufig Schritt f\u00fcr Schritt aufgebaut.<\/p>\n<p>Eine Immobilie ergibt sich aus einer interessanten Gelegenheit.<\/p>\n<p>Eine Beteiligung wird aufgrund einer Empfehlung erworben.<\/p>\n<p>Edelmetalle dienen dem Verm\u00f6gensschutz.<\/p>\n<p>Ein Wertpapierdepot entsteht \u00fcber die Jahre.<\/p>\n<p>Jede einzelne Investition kann sinnvoll sein.<\/p>\n<p>Die entscheidende Frage lautet jedoch:<\/p>\n<p>Welche Aufgabe erf\u00fcllt sie innerhalb der gesamten Verm\u00f6gensarchitektur?<\/p>\n","protected":false},"author":1,"featured_media":2621,"comment_status":"open","ping_status":"open","sticky":false,"template":"","format":"standard","meta":{"footnotes":""},"categories":[61],"tags":[63,64,62],"class_list":["post-2628","post","type-post","status-publish","format-standard","has-post-thumbnail","hentry","category-vermoegensarchitektur","tag-asset-allocation","tag-unternehmensnachfolge","tag-vermoegensarchitektur"],"yoast_head":"<!-- This site is optimized with the Yoast SEO plugin v28.4 - https:\/\/yoast.com\/product\/yoast-seo-wordpress\/ -->\n<title>Verm\u00f6gensarchitektur f\u00fcr Unternehmer - heribert-warken<\/title>\n<meta name=\"description\" content=\"Verm\u00f6gensarchitektur f\u00fcr Unternehmer und Unternehmerfamilien schafft Struktur, reduziert Risiken und erleichtert eine erfolgreiche Unternehmensnachfolge.\" \/>\n<meta name=\"robots\" content=\"index, follow, max-snippet:-1, max-image-preview:large, max-video-preview:-1\" \/>\n<link rel=\"canonical\" href=\"https:\/\/www.heribert-warken.de\/en\/vermoegensarchitektur\/\" \/>\n<meta property=\"og:locale\" content=\"en_US\" \/>\n<meta property=\"og:type\" content=\"article\" \/>\n<meta property=\"og:title\" content=\"Verm\u00f6gensarchitektur f\u00fcr Unternehmer - heribert-warken\" \/>\n<meta property=\"og:description\" content=\"Verm\u00f6gensarchitektur f\u00fcr Unternehmer und Unternehmerfamilien schafft Struktur, reduziert Risiken und erleichtert eine erfolgreiche Unternehmensnachfolge.\" \/>\n<meta property=\"og:url\" content=\"https:\/\/www.heribert-warken.de\/en\/vermoegensarchitektur\/\" \/>\n<meta property=\"og:site_name\" content=\"heribert-warken\" \/>\n<meta property=\"article:published_time\" content=\"2026-06-27T13:33:03+00:00\" \/>\n<meta property=\"article:modified_time\" content=\"2026-08-26T14:54:21+00:00\" \/>\n<meta property=\"og:image\" content=\"https:\/\/heribert-warken.de\/wp-content\/uploads\/2026\/06\/Vermoegensarchitektur-1030x687.png\" \/>\n\t<meta property=\"og:image:width\" content=\"1030\" \/>\n\t<meta property=\"og:image:height\" content=\"687\" \/>\n\t<meta property=\"og:image:type\" content=\"image\/png\" \/>\n<meta name=\"author\" content=\"Admin1189\" \/>\n<meta name=\"twitter:card\" content=\"summary_large_image\" \/>\n<meta name=\"twitter:label1\" content=\"Written by\" \/>\n\t<meta name=\"twitter:data1\" content=\"Admin1189\" \/>\n\t<meta name=\"twitter:label2\" content=\"Est. reading time\" \/>\n\t<meta name=\"twitter:data2\" content=\"26 minutes\" \/>\n<script type=\"application\/ld+json\" class=\"yoast-schema-graph\">{\"@context\":\"https:\\\/\\\/schema.org\",\"@graph\":[{\"@type\":\"Article\",\"@id\":\"https:\\\/\\\/www.heribert-warken.de\\\/en\\\/vermoegensarchitektur\\\/#article\",\"isPartOf\":{\"@id\":\"https:\\\/\\\/www.heribert-warken.de\\\/en\\\/vermoegensarchitektur\\\/\"},\"author\":{\"name\":\"Admin1189\",\"@id\":\"https:\\\/\\\/www.heribert-warken.de\\\/en\\\/#\\\/schema\\\/person\\\/b6060eda38aec5bd29a8bd964cea5896\"},\"headline\":\"Verm\u00f6gensarchitektur\",\"datePublished\":\"2026-06-27T13:33:03+00:00\",\"dateModified\":\"2026-08-26T14:54:21+00:00\",\"mainEntityOfPage\":{\"@id\":\"https:\\\/\\\/www.heribert-warken.de\\\/en\\\/vermoegensarchitektur\\\/\"},\"wordCount\":3921,\"commentCount\":0,\"image\":{\"@id\":\"https:\\\/\\\/www.heribert-warken.de\\\/en\\\/vermoegensarchitektur\\\/#primaryimage\"},\"thumbnailUrl\":\"https:\\\/\\\/www.heribert-warken.de\\\/wp-content\\\/uploads\\\/2026\\\/06\\\/Vermoegensarchitektur.png\",\"keywords\":[\"Asset Allocation\",\"Unternehmensnachfolge\",\"Verm\u00f6gensarchitektur\"],\"articleSection\":[\"Verm\u00f6gensarchitektur\"],\"inLanguage\":\"en-US\",\"potentialAction\":[{\"@type\":\"CommentAction\",\"name\":\"Comment\",\"target\":[\"https:\\\/\\\/www.heribert-warken.de\\\/en\\\/vermoegensarchitektur\\\/#respond\"]}]},{\"@type\":\"WebPage\",\"@id\":\"https:\\\/\\\/www.heribert-warken.de\\\/en\\\/vermoegensarchitektur\\\/\",\"url\":\"https:\\\/\\\/www.heribert-warken.de\\\/en\\\/vermoegensarchitektur\\\/\",\"name\":\"Verm\u00f6gensarchitektur f\u00fcr Unternehmer - heribert-warken\",\"isPartOf\":{\"@id\":\"https:\\\/\\\/www.heribert-warken.de\\\/en\\\/#website\"},\"primaryImageOfPage\":{\"@id\":\"https:\\\/\\\/www.heribert-warken.de\\\/en\\\/vermoegensarchitektur\\\/#primaryimage\"},\"image\":{\"@id\":\"https:\\\/\\\/www.heribert-warken.de\\\/en\\\/vermoegensarchitektur\\\/#primaryimage\"},\"thumbnailUrl\":\"https:\\\/\\\/www.heribert-warken.de\\\/wp-content\\\/uploads\\\/2026\\\/06\\\/Vermoegensarchitektur.png\",\"datePublished\":\"2026-06-27T13:33:03+00:00\",\"dateModified\":\"2026-08-26T14:54:21+00:00\",\"author\":{\"@id\":\"https:\\\/\\\/www.heribert-warken.de\\\/en\\\/#\\\/schema\\\/person\\\/b6060eda38aec5bd29a8bd964cea5896\"},\"description\":\"Verm\u00f6gensarchitektur f\u00fcr Unternehmer und Unternehmerfamilien schafft Struktur, reduziert Risiken und erleichtert eine erfolgreiche Unternehmensnachfolge.\",\"breadcrumb\":{\"@id\":\"https:\\\/\\\/www.heribert-warken.de\\\/en\\\/vermoegensarchitektur\\\/#breadcrumb\"},\"inLanguage\":\"en-US\",\"potentialAction\":[{\"@type\":\"ReadAction\",\"target\":[\"https:\\\/\\\/www.heribert-warken.de\\\/en\\\/vermoegensarchitektur\\\/\"]}]},{\"@type\":\"ImageObject\",\"inLanguage\":\"en-US\",\"@id\":\"https:\\\/\\\/www.heribert-warken.de\\\/en\\\/vermoegensarchitektur\\\/#primaryimage\",\"url\":\"https:\\\/\\\/www.heribert-warken.de\\\/wp-content\\\/uploads\\\/2026\\\/06\\\/Vermoegensarchitektur.png\",\"contentUrl\":\"https:\\\/\\\/www.heribert-warken.de\\\/wp-content\\\/uploads\\\/2026\\\/06\\\/Vermoegensarchitektur.png\",\"width\":1536,\"height\":1024},{\"@type\":\"BreadcrumbList\",\"@id\":\"https:\\\/\\\/www.heribert-warken.de\\\/en\\\/vermoegensarchitektur\\\/#breadcrumb\",\"itemListElement\":[{\"@type\":\"ListItem\",\"position\":1,\"name\":\"Startseite\",\"item\":\"https:\\\/\\\/www.heribert-warken.de\\\/en\\\/\"},{\"@type\":\"ListItem\",\"position\":2,\"name\":\"Verm\u00f6gensarchitektur\"}]},{\"@type\":\"WebSite\",\"@id\":\"https:\\\/\\\/www.heribert-warken.de\\\/en\\\/#website\",\"url\":\"https:\\\/\\\/www.heribert-warken.de\\\/en\\\/\",\"name\":\"heribert-warken\",\"description\":\"\",\"potentialAction\":[{\"@type\":\"SearchAction\",\"target\":{\"@type\":\"EntryPoint\",\"urlTemplate\":\"https:\\\/\\\/www.heribert-warken.de\\\/en\\\/?s={search_term_string}\"},\"query-input\":{\"@type\":\"PropertyValueSpecification\",\"valueRequired\":true,\"valueName\":\"search_term_string\"}}],\"inLanguage\":\"en-US\"},{\"@type\":\"Person\",\"@id\":\"https:\\\/\\\/www.heribert-warken.de\\\/en\\\/#\\\/schema\\\/person\\\/b6060eda38aec5bd29a8bd964cea5896\",\"name\":\"Admin1189\",\"sameAs\":[\"http:\\\/\\\/heribert-warken.de\"],\"url\":\"https:\\\/\\\/www.heribert-warken.de\\\/en\\\/author\\\/admin1189\\\/\"}]}<\/script>\n<!-- \/ Yoast SEO plugin. -->","yoast_head_json":{"title":"Verm\u00f6gensarchitektur f\u00fcr Unternehmer - heribert-warken","description":"Verm\u00f6gensarchitektur f\u00fcr Unternehmer und Unternehmerfamilien schafft Struktur, reduziert Risiken und erleichtert eine erfolgreiche Unternehmensnachfolge.","robots":{"index":"index","follow":"follow","max-snippet":"max-snippet:-1","max-image-preview":"max-image-preview:large","max-video-preview":"max-video-preview:-1"},"canonical":"https:\/\/www.heribert-warken.de\/en\/vermoegensarchitektur\/","og_locale":"en_US","og_type":"article","og_title":"Verm\u00f6gensarchitektur f\u00fcr Unternehmer - heribert-warken","og_description":"Verm\u00f6gensarchitektur f\u00fcr Unternehmer und Unternehmerfamilien schafft Struktur, reduziert Risiken und erleichtert eine erfolgreiche Unternehmensnachfolge.","og_url":"https:\/\/www.heribert-warken.de\/en\/vermoegensarchitektur\/","og_site_name":"heribert-warken","article_published_time":"2026-06-27T13:33:03+00:00","article_modified_time":"2026-08-26T14:54:21+00:00","og_image":[{"width":1030,"height":687,"url":"https:\/\/heribert-warken.de\/wp-content\/uploads\/2026\/06\/Vermoegensarchitektur-1030x687.png","type":"image\/png"}],"author":"Admin1189","twitter_card":"summary_large_image","twitter_misc":{"Written by":"Admin1189","Est. reading time":"26 minutes"},"schema":{"@context":"https:\/\/schema.org","@graph":[{"@type":"Article","@id":"https:\/\/www.heribert-warken.de\/en\/vermoegensarchitektur\/#article","isPartOf":{"@id":"https:\/\/www.heribert-warken.de\/en\/vermoegensarchitektur\/"},"author":{"name":"Admin1189","@id":"https:\/\/www.heribert-warken.de\/en\/#\/schema\/person\/b6060eda38aec5bd29a8bd964cea5896"},"headline":"Verm\u00f6gensarchitektur","datePublished":"2026-06-27T13:33:03+00:00","dateModified":"2026-08-26T14:54:21+00:00","mainEntityOfPage":{"@id":"https:\/\/www.heribert-warken.de\/en\/vermoegensarchitektur\/"},"wordCount":3921,"commentCount":0,"image":{"@id":"https:\/\/www.heribert-warken.de\/en\/vermoegensarchitektur\/#primaryimage"},"thumbnailUrl":"https:\/\/www.heribert-warken.de\/wp-content\/uploads\/2026\/06\/Vermoegensarchitektur.png","keywords":["Asset Allocation","Unternehmensnachfolge","Verm\u00f6gensarchitektur"],"articleSection":["Verm\u00f6gensarchitektur"],"inLanguage":"en-US","potentialAction":[{"@type":"CommentAction","name":"Comment","target":["https:\/\/www.heribert-warken.de\/en\/vermoegensarchitektur\/#respond"]}]},{"@type":"WebPage","@id":"https:\/\/www.heribert-warken.de\/en\/vermoegensarchitektur\/","url":"https:\/\/www.heribert-warken.de\/en\/vermoegensarchitektur\/","name":"Verm\u00f6gensarchitektur f\u00fcr Unternehmer - heribert-warken","isPartOf":{"@id":"https:\/\/www.heribert-warken.de\/en\/#website"},"primaryImageOfPage":{"@id":"https:\/\/www.heribert-warken.de\/en\/vermoegensarchitektur\/#primaryimage"},"image":{"@id":"https:\/\/www.heribert-warken.de\/en\/vermoegensarchitektur\/#primaryimage"},"thumbnailUrl":"https:\/\/www.heribert-warken.de\/wp-content\/uploads\/2026\/06\/Vermoegensarchitektur.png","datePublished":"2026-06-27T13:33:03+00:00","dateModified":"2026-08-26T14:54:21+00:00","author":{"@id":"https:\/\/www.heribert-warken.de\/en\/#\/schema\/person\/b6060eda38aec5bd29a8bd964cea5896"},"description":"Verm\u00f6gensarchitektur f\u00fcr Unternehmer und Unternehmerfamilien schafft Struktur, reduziert Risiken und erleichtert eine erfolgreiche Unternehmensnachfolge.","breadcrumb":{"@id":"https:\/\/www.heribert-warken.de\/en\/vermoegensarchitektur\/#breadcrumb"},"inLanguage":"en-US","potentialAction":[{"@type":"ReadAction","target":["https:\/\/www.heribert-warken.de\/en\/vermoegensarchitektur\/"]}]},{"@type":"ImageObject","inLanguage":"en-US","@id":"https:\/\/www.heribert-warken.de\/en\/vermoegensarchitektur\/#primaryimage","url":"https:\/\/www.heribert-warken.de\/wp-content\/uploads\/2026\/06\/Vermoegensarchitektur.png","contentUrl":"https:\/\/www.heribert-warken.de\/wp-content\/uploads\/2026\/06\/Vermoegensarchitektur.png","width":1536,"height":1024},{"@type":"BreadcrumbList","@id":"https:\/\/www.heribert-warken.de\/en\/vermoegensarchitektur\/#breadcrumb","itemListElement":[{"@type":"ListItem","position":1,"name":"Startseite","item":"https:\/\/www.heribert-warken.de\/en\/"},{"@type":"ListItem","position":2,"name":"Verm\u00f6gensarchitektur"}]},{"@type":"WebSite","@id":"https:\/\/www.heribert-warken.de\/en\/#website","url":"https:\/\/www.heribert-warken.de\/en\/","name":"heribert-warken","description":"","potentialAction":[{"@type":"SearchAction","target":{"@type":"EntryPoint","urlTemplate":"https:\/\/www.heribert-warken.de\/en\/?s={search_term_string}"},"query-input":{"@type":"PropertyValueSpecification","valueRequired":true,"valueName":"search_term_string"}}],"inLanguage":"en-US"},{"@type":"Person","@id":"https:\/\/www.heribert-warken.de\/en\/#\/schema\/person\/b6060eda38aec5bd29a8bd964cea5896","name":"Admin1189","sameAs":["http:\/\/heribert-warken.de"],"url":"https:\/\/www.heribert-warken.de\/en\/author\/admin1189\/"}]}},"_links":{"self":[{"href":"https:\/\/www.heribert-warken.de\/en\/wp-json\/wp\/v2\/posts\/2628","targetHints":{"allow":["GET"]}}],"collection":[{"href":"https:\/\/www.heribert-warken.de\/en\/wp-json\/wp\/v2\/posts"}],"about":[{"href":"https:\/\/www.heribert-warken.de\/en\/wp-json\/wp\/v2\/types\/post"}],"author":[{"embeddable":true,"href":"https:\/\/www.heribert-warken.de\/en\/wp-json\/wp\/v2\/users\/1"}],"replies":[{"embeddable":true,"href":"https:\/\/www.heribert-warken.de\/en\/wp-json\/wp\/v2\/comments?post=2628"}],"version-history":[{"count":2,"href":"https:\/\/www.heribert-warken.de\/en\/wp-json\/wp\/v2\/posts\/2628\/revisions"}],"predecessor-version":[{"id":2630,"href":"https:\/\/www.heribert-warken.de\/en\/wp-json\/wp\/v2\/posts\/2628\/revisions\/2630"}],"wp:featuredmedia":[{"embeddable":true,"href":"https:\/\/www.heribert-warken.de\/en\/wp-json\/wp\/v2\/media\/2621"}],"wp:attachment":[{"href":"https:\/\/www.heribert-warken.de\/en\/wp-json\/wp\/v2\/media?parent=2628"}],"wp:term":[{"taxonomy":"category","embeddable":true,"href":"https:\/\/www.heribert-warken.de\/en\/wp-json\/wp\/v2\/categories?post=2628"},{"taxonomy":"post_tag","embeddable":true,"href":"https:\/\/www.heribert-warken.de\/en\/wp-json\/wp\/v2\/tags?post=2628"}],"curies":[{"name":"wp","href":"https:\/\/api.w.org\/{rel}","templated":true}]}}