{"id":2508,"date":"2024-02-02T11:00:32","date_gmt":"2024-02-02T10:00:32","guid":{"rendered":"https:\/\/qt-warken.indermache.de\/die-bewertung-von-funktionsverlagerungen-ins-ausland\/"},"modified":"2026-08-21T10:06:23","modified_gmt":"2026-08-21T08:06:23","slug":"die-bewertung-von-funktionsverlagerungen-ins-ausland","status":"publish","type":"post","link":"https:\/\/www.heribert-warken.de\/pt-pt\/die-bewertung-von-funktionsverlagerungen-ins-ausland\/","title":{"rendered":"Die Bewertung von Funktionsverlagerungen ins Ausland"},"content":{"rendered":"<div  id=\"steuerberatung\"  class='flex_column av-4opume-327a6f405daae5a3484b10832d1326c3 av_one_fifth  avia-builder-el-0  el_before_av_three_fifth  avia-builder-el-first  first flex_column_div  '     ><\/div>\n<div  class='flex_column av-llxq5ag9-33386bdab8522340059e3db3cc5cc0b9 av_three_fifth  avia-builder-el-1  el_after_av_one_fifth  el_before_av_one_fifth  flex_column_div  '     ><section  class='av_textblock_section av-llxq1d3d-04a24abec0cfb72692ca09f52126b82c '   itemscope=\"itemscope\" itemtype=\"https:\/\/schema.org\/BlogPosting\" itemprop=\"blogPost\" ><div class='avia_textblock'  itemprop=\"text\" ><h4>Die Bewertung von Funktionsverlagerungen ins Ausland<\/h4>\n<\/div><\/section><br \/>\n<section  class='av_textblock_section av-llxq2o4x-712837d2511bf80c1b06c4c5f394b7e7 '   itemscope=\"itemscope\" itemtype=\"https:\/\/schema.org\/BlogPosting\" itemprop=\"blogPost\" ><div class='avia_textblock'  itemprop=\"text\" ><p>von Dr. Heribert Warken<\/p>\n<\/div><\/section><br \/>\n\n<style type=\"text\/css\" data-created_by=\"avia_inline_auto\" id=\"style-css-av-llxq9byg-c7b82c2e610394326a58395728a10296\">\n.avia-image-container.av-llxq9byg-c7b82c2e610394326a58395728a10296 img.avia_image{\nbox-shadow:none;\n}\n.avia-image-container.av-llxq9byg-c7b82c2e610394326a58395728a10296 .av-image-caption-overlay-center{\ncolor:#ffffff;\n}\n<\/style>\n<div  class='avia-image-container av-llxq9byg-c7b82c2e610394326a58395728a10296 av-styling- avia-align-center  avia-builder-el-4  el_after_av_textblock  el_before_av_hr '   itemprop=\"image\" itemscope=\"itemscope\" itemtype=\"https:\/\/schema.org\/ImageObject\" ><div class=\"avia-image-container-inner\"><div class=\"avia-image-overlay-wrap\"><img decoding=\"async\" class='wp-image-2507 avia-img-lazy-loading-not-2507 avia_image ' src=\"https:\/\/www.heribert-warken.de\/wp-content\/uploads\/2024\/02\/Unternehmensbewertung.jpg\" alt='' title='Unternehmensbewertung'  height=\"650\" width=\"2000\"  itemprop=\"thumbnailUrl\" srcset=\"https:\/\/www.heribert-warken.de\/wp-content\/uploads\/2024\/02\/Unternehmensbewertung.jpg 2000w, https:\/\/www.heribert-warken.de\/wp-content\/uploads\/2024\/02\/Unternehmensbewertung-300x98.jpg 300w, https:\/\/www.heribert-warken.de\/wp-content\/uploads\/2024\/02\/Unternehmensbewertung-1030x335.jpg 1030w, https:\/\/www.heribert-warken.de\/wp-content\/uploads\/2024\/02\/Unternehmensbewertung-768x250.jpg 768w, https:\/\/www.heribert-warken.de\/wp-content\/uploads\/2024\/02\/Unternehmensbewertung-1536x499.jpg 1536w, https:\/\/www.heribert-warken.de\/wp-content\/uploads\/2024\/02\/Unternehmensbewertung-1500x488.jpg 1500w, https:\/\/www.heribert-warken.de\/wp-content\/uploads\/2024\/02\/Unternehmensbewertung-705x229.jpg 705w\" sizes=\"(max-width: 2000px) 100vw, 2000px\" \/><\/div><\/div><\/div><br \/>\n\n<style type=\"text\/css\" data-created_by=\"avia_inline_auto\" id=\"style-css-av-llxq8jm7-b22e593d484ba2cec3d664927df81803\">\n#top .hr.hr-invisible.av-llxq8jm7-b22e593d484ba2cec3d664927df81803{\nheight:30px;\n}\n<\/style>\n<div  class='hr av-llxq8jm7-b22e593d484ba2cec3d664927df81803 hr-invisible  avia-builder-el-5  el_after_av_image  el_before_av_textblock '><span class='hr-inner '><span class=\"hr-inner-style\"><\/span><\/span><\/div><br \/>\n<section  class='av_textblock_section av-llxq3iyb-1114334508eb4fc49a80a2a746a9c43a '   itemscope=\"itemscope\" itemtype=\"https:\/\/schema.org\/BlogPosting\" itemprop=\"blogPost\" ><div class='avia_textblock'  itemprop=\"text\" ><p>In einer Mitte des Jahres 2023 durchgef\u00fchrten Umfrage des DIHK bei \u00fcber 3.500 Betrieben in Deutschland zeigt sich, dass sich die Abwanderungspl\u00e4ne der Industrie verst\u00e4rken.<\/p>\n<p>Fast ein Drittel der Industriebetriebe (31,7%) plant oder realisiert die Verlagerung von Kapazit\u00e4ten ins Ausland bzw. die Einschr\u00e4nkung der Produktion im Inland als Reaktion auf energiepolitische Rahmenbedingungen.<\/p>\n<p>Und so nachvollziehbar diese wirtschaftlichen \u00dcberlegungen auch sind, so droht doch auch f\u00fcr diese Betriebe ggf. noch ein weitere Gefahr aus steuerlicher Sicht, n\u00e4mlich die Besteuerung dieser Funktionsverlagerung!<\/p>\n<p>Als Funktionsverlagerung i. S. des \u00a7 1 Abs. 3b AStG ist die \u201eVerlagerung\u201c einer in einem bestimmten Staat belegenen wirtschaftlichen Funktion (hier: Deutschland) in einen anderen Staat anzusehen. Voraussetzung ist also, dass eine Funktion von einem abgebenden Unternehmen auf ein aufnehmendes Unternehmen \u00fcbertragen wird und dabei Wirtschaftsg\u00fcter oder sonstige Vorteile genutzt oder \u00fcbertragen werden.  <\/p>\n<p>Als \u201eFunktionen\u201c kommen hierbei beispielsweise in Betracht: Gesch\u00e4ftst\u00e4tigkeiten, die aus Gesch\u00e4ftsleitung, Forschung und Entwicklung, Materialbeschaffung, Lagerhaltung, Produktion, Verpackung, Vertrieb, Montage, Bearbeitung oder Veredelung von Produkten, Qualit\u00e4tskontrolle, Finanzierung, Transport, Organisation, Verwaltung, Marketing oder Kundendienst bestehen (vgl. Tz. 3.89.)<\/p>\n<p>Funktionsverlagerungen setzen eine Funktionseinschr\u00e4nkung bis hin zur Funktionseinstellung beim verlagernden Unternehmen voraus. Auch die Abschmelzung von Funktionen und Risiken von einem Unternehmen mit hohem Funktions- und Risikoprofil auf ein Unternehmen mit niedrigem Funktions- und Risikoprofil geh\u00f6rt dazu, nicht jedoch Funktionsverdoppelungen. <\/p>\n<h1>Wertermittlung<\/h1>\n<p>F\u00fcr die \u00dcbertragung dieser betrieblichen Funktionen ist ein sogenanntes Transferpaket zu ermitteln. Ein Transferpaket kennzeichnet hierbei den zu erwartenden finanzielle Nutzen dieser betrieblichen Funktion, der sich aufgrund einer betriebswirtschaftlichen Bewertung nach einem kapitalwertorientierten Verfahren ergibt, das als Bewertungsstandard anerkannt und auch im gew\u00f6hnlichen Gesch\u00e4ftsverkehr f\u00fcr nichtsteuerliche Zwecke \u00fcblich ist. Hierbei kommen insbesondere das Ertragswertverfahren und das DCF-Verfahren in Betracht.  <\/p>\n<p>Die bei der Ermittlung der finanziellen \u00dcbersch\u00fcsse zu ber\u00fccksichtigenden Steuern sind die voraussichtlich festzusetzenden oder tats\u00e4chlich festgesetzten und gezahlten und um einen ggf. bestehenden Erm\u00e4\u00dfigungsanspruch gek\u00fcrzten Steuern vom Ertrag des jeweiligen Unternehmens. Auf den nominalen Steuersatz kommt es nicht an. Pers\u00f6nliche Ertragsteuern der Gesellschafter bleiben bei Kapitalgesellschaften unber\u00fccksichtigt. Bei Personenunternehmen kann auf die Ber\u00fccksichtigung der pers\u00f6nlichen Ertragsteuern grunds\u00e4tzlich nicht verzichtet werden. Typisierend k\u00f6nnen die anzusetzenden Steuern jedoch in H\u00f6he der Ertragsteuern angesetzt werden, die entstanden w\u00e4ren, wenn statt Personenunternehmen Kapitalgesellschaften an der Funktionsverlagerung beteiligt gewesen w\u00e4ren. Eine (ggf. fiktive) Steuerbelastung auf Gewinnaussch\u00fcttungen ist nicht zu ber\u00fccksichtigen.     <\/p>\n<h1>Kapitalisierungszinssatz<\/h1>\n<p>Der angemessene Kapitalisierungszins stellt die Rendite einer zum Bewertungsobjekt hinsichtlich Laufzeit, Risiko und Besteuerung \u00e4quivalenten Alternativanlage dar. Je nach Wahl des konkreten Bewertungsverfahrens ist dabei die Eigenkapitalrendite oder die Rendite aus Eigen- und Fremdkapital zu ber\u00fccksichtigen. Zur Ermittlung des Kapitalisierungszinssatzes ist auf die Risikozuschlagmethode abzustellen. Im Rahmen dieser Methode wird der Kapitalisierungszinssatz in seine Komponenten Basiszinssatz und Risikozuschlag aufgeteilt. Der Risikozuschlag ergibt sich als Produkt aus Marktrisikopr\u00e4mie und Betafaktor. F\u00fcr den Zeitraum einer ewigen Rente ist im Kapitalisierungszinssatz ein Wachstumsabschlag zu ber\u00fccksichtigen.     <\/p>\n<h1>Ein offizielles Beispiel f\u00fcr die Ermittlung finden Sie hier:<\/h1>\n<p>Dieser Wert des Transferpakets ist entsprechend beim \u201eabgebenden\u201c Unternehmen zu versteuern, sodass die Funktionsverlagerung aus einem deutschen Unternehmen in eine ausl\u00e4ndische Tochtergesellschaft zun\u00e4chst einmal eine Steuerbelastung ausl\u00f6st, obwohl die der Bewertung zugrunde gelegten zuk\u00fcnftigen Ertr\u00e4ge noch nicht erwirtschaftet worden sind.<\/p>\n<p>Zwar wurde im Rahmen des europ\u00e4ischen Kontextes durch die ATAD II Richtlinie dieses Problem dahingehend gelindert, dass der aufnehmende Staat den gleichen Wert als abschreibungsf\u00e4hige Anschaffungskosten ansetzt. Dennoch kann es in einem Drittlandsfall durchaus gr\u00f6\u00dfere Probleme entstehen, wenn Wertans\u00e4tze in unterschiedlichen L\u00e4ndern divergent behandelt werden. <\/p>\n<p>\u00dcberlegen Sie ihre betrieblichen Funktionen ins Ausland zu verlagern?<\/p>\n<\/div><\/section><br \/>\n\n<style type=\"text\/css\" data-created_by=\"avia_inline_auto\" id=\"style-css-av-lv0zx6kb-c258580da4f02bd3e31f0f276fda7578\">\n#top .hr.hr-invisible.av-lv0zx6kb-c258580da4f02bd3e31f0f276fda7578{\nheight:20px;\n}\n<\/style>\n<div  class='hr av-lv0zx6kb-c258580da4f02bd3e31f0f276fda7578 hr-invisible  avia-builder-el-7  el_after_av_textblock  el_before_av_video '><span class='hr-inner '><span class=\"hr-inner-style\"><\/span><\/span><\/div><br \/>\n\n<style type=\"text\/css\" data-created_by=\"avia_inline_auto\" id=\"style-css-av-lv10abtm-5a89555c63b878dc690446b1f7297492\">\n.avia-video.av-lv10abtm-5a89555c63b878dc690446b1f7297492{\nbackground-image:url(https:\/\/www.heribert-warken.de\/wp-content\/uploads\/2024\/04\/DieFunktionsverlagerunginsAusland_GruendeBewertungsteuerlicheRisiken-mp4-image.png);\n}\n<\/style>\n<div  class='avia-video av-lv10abtm-5a89555c63b878dc690446b1f7297492 avia-video-16-9 av-preview-image avia-video-load-always avia-video-html5'  itemprop=\"video\" itemtype=\"https:\/\/schema.org\/VideoObject\"  data-original_url='https:\/\/www.heribert-warken.de\/wp-content\/uploads\/2024\/04\/DieFunktionsverlagerunginsAusland_GruendeBewertungsteuerlicheRisiken.mp4'><video class='avia_video' poster=\"https:\/\/www.heribert-warken.de\/wp-content\/uploads\/2024\/04\/DieFunktionsverlagerunginsAusland_GruendeBewertungsteuerlicheRisiken-mp4-image.png\"   preload=\"auto\"  controls id='player_2508_207797414_106797106'><source src='https:\/\/www.heribert-warken.de\/wp-content\/uploads\/2024\/04\/DieFunktionsverlagerunginsAusland_GruendeBewertungsteuerlicheRisiken.mp4' type='video\/mp4' \/><\/video><\/div><\/p><\/div><div  class='flex_column av-23ifva-db94f672ce106f89833a3eea2661adde av_one_fifth  avia-builder-el-9  el_after_av_three_fifth  avia-builder-el-last  flex_column_div  '     ><\/div><\/p>\n","protected":false},"excerpt":{"rendered":"<p>In einer Mitte des Jahres 2023 durchgef\u00fchrten Umfrage des DIHK bei \u00fcber 3.500 Betrieben in Deutschland zeigt sich, dass sich die Abwanderungspl\u00e4ne der Industrie verst\u00e4rken.<\/p>\n<p>Fast ein Drittel der Industriebetriebe (31,7%) plant oder realisiert die Verlagerung von Kapazit\u00e4ten ins Ausland bzw. die Einschr\u00e4nkung der Produktion im Inland als Reaktion auf energiepolitische Rahmenbedingungen.<\/p>\n","protected":false},"author":2,"featured_media":2507,"comment_status":"open","ping_status":"open","sticky":false,"template":"","format":"standard","meta":{"footnotes":""},"categories":[51],"tags":[],"class_list":["post-2508","post","type-post","status-publish","format-standard","has-post-thumbnail","hentry","category-unternehmensbewertung"],"yoast_head":"<!-- This site is optimized with the Yoast SEO plugin v28.4 - https:\/\/yoast.com\/product\/yoast-seo-wordpress\/ -->\n<title>Die Bewertung von Funktionsverlagerungen ins Ausland - heribert-warken<\/title>\n<meta name=\"robots\" content=\"index, follow, max-snippet:-1, max-image-preview:large, max-video-preview:-1\" \/>\n<link rel=\"canonical\" href=\"https:\/\/www.heribert-warken.de\/pt-pt\/die-bewertung-von-funktionsverlagerungen-ins-ausland\/\" \/>\n<meta property=\"og:locale\" content=\"pt_PT\" \/>\n<meta property=\"og:type\" content=\"article\" \/>\n<meta property=\"og:title\" content=\"Die Bewertung von Funktionsverlagerungen ins Ausland - heribert-warken\" \/>\n<meta property=\"og:description\" content=\"In einer Mitte des Jahres 2023 durchgef\u00fchrten Umfrage des DIHK bei \u00fcber 3.500 Betrieben in Deutschland zeigt sich, dass sich die Abwanderungspl\u00e4ne der Industrie verst\u00e4rken. Fast ein Drittel der Industriebetriebe (31,7%) plant oder realisiert die Verlagerung von Kapazit\u00e4ten ins Ausland bzw. die Einschr\u00e4nkung der Produktion im Inland als Reaktion auf energiepolitische Rahmenbedingungen.\" \/>\n<meta property=\"og:url\" content=\"https:\/\/www.heribert-warken.de\/pt-pt\/die-bewertung-von-funktionsverlagerungen-ins-ausland\/\" \/>\n<meta property=\"og:site_name\" content=\"heribert-warken\" \/>\n<meta property=\"article:published_time\" content=\"2024-02-02T10:00:32+00:00\" \/>\n<meta property=\"article:modified_time\" content=\"2026-08-21T08:06:23+00:00\" \/>\n<meta property=\"og:image\" content=\"https:\/\/heribert-warken.de\/wp-content\/uploads\/2024\/02\/Unternehmensbewertung.jpg\" \/>\n\t<meta property=\"og:image:width\" content=\"2000\" \/>\n\t<meta property=\"og:image:height\" content=\"650\" \/>\n\t<meta property=\"og:image:type\" content=\"image\/jpeg\" \/>\n<meta name=\"author\" content=\"Dr. Heribert Warken\" \/>\n<meta name=\"twitter:card\" content=\"summary_large_image\" \/>\n<meta name=\"twitter:label1\" content=\"Escrito por\" \/>\n\t<meta name=\"twitter:data1\" content=\"Dr. Heribert Warken\" \/>\n\t<meta name=\"twitter:label2\" content=\"Tempo estimado de leitura\" \/>\n\t<meta name=\"twitter:data2\" content=\"14 minutos\" \/>\n<script type=\"application\/ld+json\" class=\"yoast-schema-graph\">{\"@context\":\"https:\\\/\\\/schema.org\",\"@graph\":[{\"@type\":\"Article\",\"@id\":\"https:\\\/\\\/www.heribert-warken.de\\\/pt-pt\\\/die-bewertung-von-funktionsverlagerungen-ins-ausland\\\/#article\",\"isPartOf\":{\"@id\":\"https:\\\/\\\/www.heribert-warken.de\\\/pt-pt\\\/die-bewertung-von-funktionsverlagerungen-ins-ausland\\\/\"},\"author\":{\"name\":\"Dr. Heribert Warken\",\"@id\":\"https:\\\/\\\/www.heribert-warken.de\\\/pt-pt\\\/#\\\/schema\\\/person\\\/4611e883593d52f2f1bc5868e44b70f3\"},\"headline\":\"Die Bewertung von Funktionsverlagerungen ins Ausland\",\"datePublished\":\"2024-02-02T10:00:32+00:00\",\"dateModified\":\"2026-08-21T08:06:23+00:00\",\"mainEntityOfPage\":{\"@id\":\"https:\\\/\\\/www.heribert-warken.de\\\/pt-pt\\\/die-bewertung-von-funktionsverlagerungen-ins-ausland\\\/\"},\"wordCount\":2221,\"commentCount\":0,\"image\":{\"@id\":\"https:\\\/\\\/www.heribert-warken.de\\\/pt-pt\\\/die-bewertung-von-funktionsverlagerungen-ins-ausland\\\/#primaryimage\"},\"thumbnailUrl\":\"https:\\\/\\\/www.heribert-warken.de\\\/wp-content\\\/uploads\\\/2024\\\/02\\\/Unternehmensbewertung.jpg\",\"articleSection\":[\"Unternehmensbewertung\"],\"inLanguage\":\"pt-PT\",\"potentialAction\":[{\"@type\":\"CommentAction\",\"name\":\"Comment\",\"target\":[\"https:\\\/\\\/www.heribert-warken.de\\\/pt-pt\\\/die-bewertung-von-funktionsverlagerungen-ins-ausland\\\/#respond\"]}]},{\"@type\":\"WebPage\",\"@id\":\"https:\\\/\\\/www.heribert-warken.de\\\/pt-pt\\\/die-bewertung-von-funktionsverlagerungen-ins-ausland\\\/\",\"url\":\"https:\\\/\\\/www.heribert-warken.de\\\/pt-pt\\\/die-bewertung-von-funktionsverlagerungen-ins-ausland\\\/\",\"name\":\"Die Bewertung von Funktionsverlagerungen ins Ausland - heribert-warken\",\"isPartOf\":{\"@id\":\"https:\\\/\\\/www.heribert-warken.de\\\/pt-pt\\\/#website\"},\"primaryImageOfPage\":{\"@id\":\"https:\\\/\\\/www.heribert-warken.de\\\/pt-pt\\\/die-bewertung-von-funktionsverlagerungen-ins-ausland\\\/#primaryimage\"},\"image\":{\"@id\":\"https:\\\/\\\/www.heribert-warken.de\\\/pt-pt\\\/die-bewertung-von-funktionsverlagerungen-ins-ausland\\\/#primaryimage\"},\"thumbnailUrl\":\"https:\\\/\\\/www.heribert-warken.de\\\/wp-content\\\/uploads\\\/2024\\\/02\\\/Unternehmensbewertung.jpg\",\"datePublished\":\"2024-02-02T10:00:32+00:00\",\"dateModified\":\"2026-08-21T08:06:23+00:00\",\"author\":{\"@id\":\"https:\\\/\\\/www.heribert-warken.de\\\/pt-pt\\\/#\\\/schema\\\/person\\\/4611e883593d52f2f1bc5868e44b70f3\"},\"breadcrumb\":{\"@id\":\"https:\\\/\\\/www.heribert-warken.de\\\/pt-pt\\\/die-bewertung-von-funktionsverlagerungen-ins-ausland\\\/#breadcrumb\"},\"inLanguage\":\"pt-PT\",\"potentialAction\":[{\"@type\":\"ReadAction\",\"target\":[\"https:\\\/\\\/www.heribert-warken.de\\\/pt-pt\\\/die-bewertung-von-funktionsverlagerungen-ins-ausland\\\/\"]}]},{\"@type\":\"ImageObject\",\"inLanguage\":\"pt-PT\",\"@id\":\"https:\\\/\\\/www.heribert-warken.de\\\/pt-pt\\\/die-bewertung-von-funktionsverlagerungen-ins-ausland\\\/#primaryimage\",\"url\":\"https:\\\/\\\/www.heribert-warken.de\\\/wp-content\\\/uploads\\\/2024\\\/02\\\/Unternehmensbewertung.jpg\",\"contentUrl\":\"https:\\\/\\\/www.heribert-warken.de\\\/wp-content\\\/uploads\\\/2024\\\/02\\\/Unternehmensbewertung.jpg\",\"width\":2000,\"height\":650},{\"@type\":\"BreadcrumbList\",\"@id\":\"https:\\\/\\\/www.heribert-warken.de\\\/pt-pt\\\/die-bewertung-von-funktionsverlagerungen-ins-ausland\\\/#breadcrumb\",\"itemListElement\":[{\"@type\":\"ListItem\",\"position\":1,\"name\":\"Startseite\",\"item\":\"https:\\\/\\\/www.heribert-warken.de\\\/pt-pt\\\/\"},{\"@type\":\"ListItem\",\"position\":2,\"name\":\"Die Bewertung von Funktionsverlagerungen ins Ausland\"}]},{\"@type\":\"WebSite\",\"@id\":\"https:\\\/\\\/www.heribert-warken.de\\\/pt-pt\\\/#website\",\"url\":\"https:\\\/\\\/www.heribert-warken.de\\\/pt-pt\\\/\",\"name\":\"heribert-warken\",\"description\":\"\",\"potentialAction\":[{\"@type\":\"SearchAction\",\"target\":{\"@type\":\"EntryPoint\",\"urlTemplate\":\"https:\\\/\\\/www.heribert-warken.de\\\/pt-pt\\\/?s={search_term_string}\"},\"query-input\":{\"@type\":\"PropertyValueSpecification\",\"valueRequired\":true,\"valueName\":\"search_term_string\"}}],\"inLanguage\":\"pt-PT\"},{\"@type\":\"Person\",\"@id\":\"https:\\\/\\\/www.heribert-warken.de\\\/pt-pt\\\/#\\\/schema\\\/person\\\/4611e883593d52f2f1bc5868e44b70f3\",\"name\":\"Dr. Heribert Warken\",\"sameAs\":[\"http:\\\/\\\/www.heribertwarken.de\"],\"url\":\"https:\\\/\\\/www.heribert-warken.de\\\/pt-pt\\\/author\\\/dr-heribert-warken\\\/\"}]}<\/script>\n<!-- \/ Yoast SEO plugin. -->","yoast_head_json":{"title":"Die Bewertung von Funktionsverlagerungen ins Ausland - heribert-warken","robots":{"index":"index","follow":"follow","max-snippet":"max-snippet:-1","max-image-preview":"max-image-preview:large","max-video-preview":"max-video-preview:-1"},"canonical":"https:\/\/www.heribert-warken.de\/pt-pt\/die-bewertung-von-funktionsverlagerungen-ins-ausland\/","og_locale":"pt_PT","og_type":"article","og_title":"Die Bewertung von Funktionsverlagerungen ins Ausland - heribert-warken","og_description":"In einer Mitte des Jahres 2023 durchgef\u00fchrten Umfrage des DIHK bei \u00fcber 3.500 Betrieben in Deutschland zeigt sich, dass sich die Abwanderungspl\u00e4ne der Industrie verst\u00e4rken. Fast ein Drittel der Industriebetriebe (31,7%) plant oder realisiert die Verlagerung von Kapazit\u00e4ten ins Ausland bzw. die Einschr\u00e4nkung der Produktion im Inland als Reaktion auf energiepolitische Rahmenbedingungen.","og_url":"https:\/\/www.heribert-warken.de\/pt-pt\/die-bewertung-von-funktionsverlagerungen-ins-ausland\/","og_site_name":"heribert-warken","article_published_time":"2024-02-02T10:00:32+00:00","article_modified_time":"2026-08-21T08:06:23+00:00","og_image":[{"width":2000,"height":650,"url":"https:\/\/heribert-warken.de\/wp-content\/uploads\/2024\/02\/Unternehmensbewertung.jpg","type":"image\/jpeg"}],"author":"Dr. Heribert Warken","twitter_card":"summary_large_image","twitter_misc":{"Escrito por":"Dr. Heribert Warken","Tempo estimado de leitura":"14 minutos"},"schema":{"@context":"https:\/\/schema.org","@graph":[{"@type":"Article","@id":"https:\/\/www.heribert-warken.de\/pt-pt\/die-bewertung-von-funktionsverlagerungen-ins-ausland\/#article","isPartOf":{"@id":"https:\/\/www.heribert-warken.de\/pt-pt\/die-bewertung-von-funktionsverlagerungen-ins-ausland\/"},"author":{"name":"Dr. Heribert Warken","@id":"https:\/\/www.heribert-warken.de\/pt-pt\/#\/schema\/person\/4611e883593d52f2f1bc5868e44b70f3"},"headline":"Die Bewertung von Funktionsverlagerungen ins Ausland","datePublished":"2024-02-02T10:00:32+00:00","dateModified":"2026-08-21T08:06:23+00:00","mainEntityOfPage":{"@id":"https:\/\/www.heribert-warken.de\/pt-pt\/die-bewertung-von-funktionsverlagerungen-ins-ausland\/"},"wordCount":2221,"commentCount":0,"image":{"@id":"https:\/\/www.heribert-warken.de\/pt-pt\/die-bewertung-von-funktionsverlagerungen-ins-ausland\/#primaryimage"},"thumbnailUrl":"https:\/\/www.heribert-warken.de\/wp-content\/uploads\/2024\/02\/Unternehmensbewertung.jpg","articleSection":["Unternehmensbewertung"],"inLanguage":"pt-PT","potentialAction":[{"@type":"CommentAction","name":"Comment","target":["https:\/\/www.heribert-warken.de\/pt-pt\/die-bewertung-von-funktionsverlagerungen-ins-ausland\/#respond"]}]},{"@type":"WebPage","@id":"https:\/\/www.heribert-warken.de\/pt-pt\/die-bewertung-von-funktionsverlagerungen-ins-ausland\/","url":"https:\/\/www.heribert-warken.de\/pt-pt\/die-bewertung-von-funktionsverlagerungen-ins-ausland\/","name":"Die Bewertung von Funktionsverlagerungen ins Ausland - heribert-warken","isPartOf":{"@id":"https:\/\/www.heribert-warken.de\/pt-pt\/#website"},"primaryImageOfPage":{"@id":"https:\/\/www.heribert-warken.de\/pt-pt\/die-bewertung-von-funktionsverlagerungen-ins-ausland\/#primaryimage"},"image":{"@id":"https:\/\/www.heribert-warken.de\/pt-pt\/die-bewertung-von-funktionsverlagerungen-ins-ausland\/#primaryimage"},"thumbnailUrl":"https:\/\/www.heribert-warken.de\/wp-content\/uploads\/2024\/02\/Unternehmensbewertung.jpg","datePublished":"2024-02-02T10:00:32+00:00","dateModified":"2026-08-21T08:06:23+00:00","author":{"@id":"https:\/\/www.heribert-warken.de\/pt-pt\/#\/schema\/person\/4611e883593d52f2f1bc5868e44b70f3"},"breadcrumb":{"@id":"https:\/\/www.heribert-warken.de\/pt-pt\/die-bewertung-von-funktionsverlagerungen-ins-ausland\/#breadcrumb"},"inLanguage":"pt-PT","potentialAction":[{"@type":"ReadAction","target":["https:\/\/www.heribert-warken.de\/pt-pt\/die-bewertung-von-funktionsverlagerungen-ins-ausland\/"]}]},{"@type":"ImageObject","inLanguage":"pt-PT","@id":"https:\/\/www.heribert-warken.de\/pt-pt\/die-bewertung-von-funktionsverlagerungen-ins-ausland\/#primaryimage","url":"https:\/\/www.heribert-warken.de\/wp-content\/uploads\/2024\/02\/Unternehmensbewertung.jpg","contentUrl":"https:\/\/www.heribert-warken.de\/wp-content\/uploads\/2024\/02\/Unternehmensbewertung.jpg","width":2000,"height":650},{"@type":"BreadcrumbList","@id":"https:\/\/www.heribert-warken.de\/pt-pt\/die-bewertung-von-funktionsverlagerungen-ins-ausland\/#breadcrumb","itemListElement":[{"@type":"ListItem","position":1,"name":"Startseite","item":"https:\/\/www.heribert-warken.de\/pt-pt\/"},{"@type":"ListItem","position":2,"name":"Die Bewertung von Funktionsverlagerungen ins Ausland"}]},{"@type":"WebSite","@id":"https:\/\/www.heribert-warken.de\/pt-pt\/#website","url":"https:\/\/www.heribert-warken.de\/pt-pt\/","name":"heribert-warken","description":"","potentialAction":[{"@type":"SearchAction","target":{"@type":"EntryPoint","urlTemplate":"https:\/\/www.heribert-warken.de\/pt-pt\/?s={search_term_string}"},"query-input":{"@type":"PropertyValueSpecification","valueRequired":true,"valueName":"search_term_string"}}],"inLanguage":"pt-PT"},{"@type":"Person","@id":"https:\/\/www.heribert-warken.de\/pt-pt\/#\/schema\/person\/4611e883593d52f2f1bc5868e44b70f3","name":"Dr. Heribert Warken","sameAs":["http:\/\/www.heribertwarken.de"],"url":"https:\/\/www.heribert-warken.de\/pt-pt\/author\/dr-heribert-warken\/"}]}},"_links":{"self":[{"href":"https:\/\/www.heribert-warken.de\/pt-pt\/wp-json\/wp\/v2\/posts\/2508","targetHints":{"allow":["GET"]}}],"collection":[{"href":"https:\/\/www.heribert-warken.de\/pt-pt\/wp-json\/wp\/v2\/posts"}],"about":[{"href":"https:\/\/www.heribert-warken.de\/pt-pt\/wp-json\/wp\/v2\/types\/post"}],"author":[{"embeddable":true,"href":"https:\/\/www.heribert-warken.de\/pt-pt\/wp-json\/wp\/v2\/users\/2"}],"replies":[{"embeddable":true,"href":"https:\/\/www.heribert-warken.de\/pt-pt\/wp-json\/wp\/v2\/comments?post=2508"}],"version-history":[{"count":2,"href":"https:\/\/www.heribert-warken.de\/pt-pt\/wp-json\/wp\/v2\/posts\/2508\/revisions"}],"predecessor-version":[{"id":2510,"href":"https:\/\/www.heribert-warken.de\/pt-pt\/wp-json\/wp\/v2\/posts\/2508\/revisions\/2510"}],"wp:featuredmedia":[{"embeddable":true,"href":"https:\/\/www.heribert-warken.de\/pt-pt\/wp-json\/wp\/v2\/media\/2507"}],"wp:attachment":[{"href":"https:\/\/www.heribert-warken.de\/pt-pt\/wp-json\/wp\/v2\/media?parent=2508"}],"wp:term":[{"taxonomy":"category","embeddable":true,"href":"https:\/\/www.heribert-warken.de\/pt-pt\/wp-json\/wp\/v2\/categories?post=2508"},{"taxonomy":"post_tag","embeddable":true,"href":"https:\/\/www.heribert-warken.de\/pt-pt\/wp-json\/wp\/v2\/tags?post=2508"}],"curies":[{"name":"wp","href":"https:\/\/api.w.org\/{rel}","templated":true}]}}